{"id":919,"date":"2026-07-07T10:20:16","date_gmt":"2026-07-07T16:20:16","guid":{"rendered":"https:\/\/mex-us.mx\/?p=919"},"modified":"2026-07-07T10:20:16","modified_gmt":"2026-07-07T16:20:16","slug":"el-tmec-sigue-no-se-fue-a-ningun-lado","status":"publish","type":"post","link":"https:\/\/mex-us.mx\/?p=919","title":{"rendered":"El TMEC sigue, no se fue a ning\u00fan lado."},"content":{"rendered":"\n<p class=\"wp-block-paragraph\" style=\"font-size:clamp(14px, 0.875rem + ((1vw - 3.2px) * 0.156), 16px);\">Entre el 1 y el 2 de julio se acumularon titulares alarmistas sobre una supuesta \u201csalida\u201d de Estados Unidos del T-MEC. La realidad, con datos duros sobre la mesa, es m\u00e1s matizada \u2014 y menos dram\u00e1tica\u2014 de lo que sugieren los encabezados.<\/p>\n\n\n\n<h1 class=\"wp-block-heading\" style=\"font-size:clamp(14px, 0.875rem + ((1vw - 3.2px) * 0.313), 18px);\">El dato central: no hubo salida, hubo \u201cno renovaci\u00f3n anticipada\u201d<\/h1>\n\n\n\n<p class=\"wp-block-paragraph\" style=\"font-size:clamp(14px, 0.875rem + ((1vw - 3.2px) * 0.156), 16px);\">El tratado incluye una cl\u00e1usula de revisi\u00f3n que obligaba a los tres pa\u00edses a decidir, antes del 1 de julio de 202C, si extend\u00edan el T-MEC por 1C a\u00f1os adicionales (hasta 2042). M\u00e9xico y Canad\u00e1 ya hab\u00edan firmado a favor de esa extensi\u00f3n. Estados Unidos, por voz de su representante comercial, Jamieson Greer, dijo que no.<\/p>\n\n\n\n<div class=\"wp-block-stackable-image stk-block-image stk-block stk-689bf56\" data-block-id=\"689bf56\"><style>.stk-689bf56 {margin-bottom:16px !important;}.stk-689bf56 .stk-img-wrapper{width:100% !important;height:500px !important;}@media screen and (max-width:689px){.stk-689bf56 .stk-img-wrapper{width:100% !important;height:289px !important;}}<\/style><figure><span class=\"stk-img-wrapper stk-image--shape-stretch\"><img loading=\"lazy\" decoding=\"async\" class=\"stk-img wp-image-920\" src=\"http:\/\/mex-us.mx\/wp-content\/uploads\/2026\/07\/ChatGPT-Image-7-jul-2026-10_13_30-a.m.png\" width=\"1536\" height=\"1024\" srcset=\"https:\/\/mex-us.mx\/wp-content\/uploads\/2026\/07\/ChatGPT-Image-7-jul-2026-10_13_30-a.m.png 1536w, https:\/\/mex-us.mx\/wp-content\/uploads\/2026\/07\/ChatGPT-Image-7-jul-2026-10_13_30-a.m-300x200.png 300w, https:\/\/mex-us.mx\/wp-content\/uploads\/2026\/07\/ChatGPT-Image-7-jul-2026-10_13_30-a.m-1024x683.png 1024w, https:\/\/mex-us.mx\/wp-content\/uploads\/2026\/07\/ChatGPT-Image-7-jul-2026-10_13_30-a.m-768x512.png 768w\" sizes=\"auto, (max-width: 1536px) 100vw, 1536px\" \/><\/span><\/figure><\/div>\n\n\n\n<h1 class=\"wp-block-heading\" style=\"font-size:clamp(14px, 0.875rem + ((1vw - 3.2px) * 0.313), 18px);\">Lo que dijo Trump (y por qu\u00e9 lo dijo)<\/h1>\n\n\n\n<p class=\"wp-block-paragraph\" style=\"font-size:clamp(14px, 0.875rem + ((1vw - 3.2px) * 0.156), 16px);\">Trump ha ido endureciendo su discurso desde principios de a\u00f1o. En enero, en una planta de Ford cerca de Detroit, calific\u00f3 al tratado de \u201cirrelevante\u201d. Semanas atr\u00e1s, desde el Despacho Oval, declar\u00f3 que no sab\u00eda si lo renovar\u00eda porque, en sus palabras, a Estados Unidos \u201cle va mucho mejor\u201d sin depender de autos, energ\u00eda o productos de M\u00e9xico y Canad\u00e1. En junio, desde Par\u00eds, fue m\u00e1s lejos: dijo que preferir\u00eda \u201cdejarlo sin firmar\u201d o verlo \u201cterminado\u201d.<\/p>\n\n\n\n<p class=\"wp-block-paragraph\" style=\"font-size:clamp(14px, 0.875rem + ((1vw - 3.2px) * 0.156), 16px);\">El argumento de fondo de su equipo es comercial: el tratado, dicen, no ha resuelto el d\u00e9ficit que Estados Unidos mantiene con sus socios. Cifras citadas por funcionarios estadounidenses ubican el d\u00e9ficit de bienes entre EU y M\u00e9xico en cerca de 197 mil millones de d\u00f3lares.<\/p>\n\n\n\n<h1 class=\"wp-block-heading\" style=\"font-size:clamp(14px, 0.875rem + ((1vw - 3.2px) * 0.313), 18px);\">Lo que dijo Ebrard en la ma\u00f1anera (2 de julio)<\/h1>\n\n\n\n<p class=\"wp-block-paragraph\" style=\"font-size:clamp(14px, 0.875rem + ((1vw - 3.2px) * 0.156), 16px);\">El secretario de Econom\u00eda, Marcelo Ebrard, baj\u00f3 el tono a la conversaci\u00f3n p\u00fablica. Sus puntos centrales:<\/p>\n\n\n\n<ol class=\"wp-block-list\">\n<li style=\"font-size:clamp(14px, 0.875rem + ((1vw - 3.2px) * 0.156), 16px);\">El tratado no est\u00e1 en riesgo inmediato. \u201cEl d\u00eda de hoy sigue siendo lo que era el d\u00eda de ayer\u201d, resumi\u00f3, subrayando que ni los aranceles preferenciales ni el trato comercial actual cambian.<\/li>\n\n\n\n<li style=\"font-size:clamp(14px, 0.875rem + ((1vw - 3.2px) * 0.156), 16px);\">La reuni\u00f3n del 1 de julio fue sobre extensi\u00f3n, no sobre vigencia. M\u00e9xico y Canad\u00e1 propusieron extender el tratado hasta 2042; Estados Unidos dijo que no acepta esa extensi\u00f3n por ahora, pero eso no equivale a terminar el acuerdo.<\/li>\n\n\n\n<li style=\"font-size:clamp(14px, 0.875rem + ((1vw - 3.2px) * 0.156), 16px);\">El calendario que sigue: la primera revisi\u00f3n formal ser\u00e1 el 20 de julio, cuando una delegaci\u00f3n estadounidense encabezada por Greer viaje a la Ciudad de M\u00e9xico.<\/li>\n\n\n\n<li style=\"font-size:clamp(14px, 0.875rem + ((1vw - 3.2px) * 0.156), 16px);\">La propuesta mexicana para el d\u00e9ficit: producir m\u00e1s en Norteam\u00e9rica en lugar de importar de Asia. Ebrard puso como ejemplo que M\u00e9xico importa casi toda la penicilina que usa el sector salud y cerca del 90% de los semiconductores que consume.<\/li>\n\n\n\n<li style=\"font-size:clamp(14px, 0.875rem + ((1vw - 3.2px) * 0.156), 16px);\">Su pron\u00f3stico: que el tratado terminar\u00e1 renov\u00e1ndose por otros 16 a\u00f1os \u201cen los pr\u00f3ximos a\u00f1os\u201d, una vez que se resuelvan los diferendos actuales.<\/li>\n<\/ol>\n\n\n\n<p class=\"wp-block-paragraph\" style=\"font-size:clamp(14px, 0.875rem + ((1vw - 3.2px) * 0.156), 16px);\">La presidenta Claudia Sheinbaum reforz\u00f3 el mensaje leyendo en la propia ma\u00f1anera el art\u00edculo 34.7 del tratado, precisando que una terminaci\u00f3n total requerir\u00eda, adem\u00e1s, un proceso legislativo en el Congreso estadounidense \u2014no es una decisi\u00f3n que Trump pueda tomar solo con un anuncio.<\/p>\n\n\n\n<div class=\"wp-block-stackable-image stk-block-image stk-block stk-16e1d9c\" data-block-id=\"16e1d9c\"><style>@media screen and (max-width:689px){.stk-16e1d9c .stk-img-wrapper{width:100% !important;height:299px !important;}}<\/style><figure><span class=\"stk-img-wrapper stk-image--shape-stretch\"><img loading=\"lazy\" decoding=\"async\" class=\"stk-img wp-image-921\" src=\"http:\/\/mex-us.mx\/wp-content\/uploads\/2026\/07\/ChatGPT-Image-7-jul-2026-10_15_42-a.m.png\" width=\"1536\" height=\"1024\" srcset=\"https:\/\/mex-us.mx\/wp-content\/uploads\/2026\/07\/ChatGPT-Image-7-jul-2026-10_15_42-a.m.png 1536w, https:\/\/mex-us.mx\/wp-content\/uploads\/2026\/07\/ChatGPT-Image-7-jul-2026-10_15_42-a.m-300x200.png 300w, https:\/\/mex-us.mx\/wp-content\/uploads\/2026\/07\/ChatGPT-Image-7-jul-2026-10_15_42-a.m-1024x683.png 1024w, https:\/\/mex-us.mx\/wp-content\/uploads\/2026\/07\/ChatGPT-Image-7-jul-2026-10_15_42-a.m-768x512.png 768w\" sizes=\"auto, (max-width: 1536px) 100vw, 1536px\" \/><\/span><\/figure><\/div>\n\n\n\n<h1 class=\"wp-block-heading\" style=\"font-size:clamp(14px, 0.875rem + ((1vw - 3.2px) * 0.313), 18px);\">En una frase<\/h1>\n\n\n\n<p class=\"wp-block-paragraph\" style=\"font-size:clamp(14px, 0.875rem + ((1vw - 3.2px) * 0.156), 16px);\">Estados Unidos no sali\u00f3 del T-MEC: paus\u00f3 la extensi\u00f3n anticipada y activ\u00f3 el mecanismo de revisiones anuales que el propio tratado contempla. El tratado sigue vigente, el comercio sigue operando bajo las reglas actuales, y el primer round de negociaci\u00f3n real ser\u00e1 el 20 de julio.<\/p>\n\n\n\n<hr class=\"wp-block-separator has-alpha-channel-opacity\"\/>\n\n\n\n<p class=\"wp-block-paragraph\" style=\"font-size:12px\"><em>Nota elaborada con base en declaraciones oficiales de la Secretar\u00eda de Econom\u00eda, la Presidencia de M\u00e9xico y el representante comercial de Estados Unidos (USTR), julio de 2026.<\/em><\/p>\n\n\n\n<p class=\"wp-block-paragraph\"><\/p>\n","protected":false},"excerpt":{"rendered":"<p>Entre el 1 y el 2 de julio se acumularon titulares alarmistas sobre una supuesta \u201csalida\u201d de Estados Unidos del T-MEC. La realidad, con datos duros sobre la mesa, es m\u00e1s matizada \u2014 y menos dram\u00e1tica\u2014 de lo que sugieren los encabezados. El dato central: no hubo salida, hubo \u201cno renovaci\u00f3n anticipada\u201d El tratado incluye [&hellip;]<\/p>\n","protected":false},"author":1,"featured_media":923,"comment_status":"open","ping_status":"open","sticky":false,"template":"","format":"standard","meta":{"footnotes":""},"categories":[54],"tags":[],"class_list":["post-919","post","type-post","status-publish","format-standard","has-post-thumbnail","hentry","category-economia"],"blocksy_meta":[],"_links":{"self":[{"href":"https:\/\/mex-us.mx\/index.php?rest_route=\/wp\/v2\/posts\/919","targetHints":{"allow":["GET"]}}],"collection":[{"href":"https:\/\/mex-us.mx\/index.php?rest_route=\/wp\/v2\/posts"}],"about":[{"href":"https:\/\/mex-us.mx\/index.php?rest_route=\/wp\/v2\/types\/post"}],"author":[{"embeddable":true,"href":"https:\/\/mex-us.mx\/index.php?rest_route=\/wp\/v2\/users\/1"}],"replies":[{"embeddable":true,"href":"https:\/\/mex-us.mx\/index.php?rest_route=%2Fwp%2Fv2%2Fcomments&post=919"}],"version-history":[{"count":1,"href":"https:\/\/mex-us.mx\/index.php?rest_route=\/wp\/v2\/posts\/919\/revisions"}],"predecessor-version":[{"id":924,"href":"https:\/\/mex-us.mx\/index.php?rest_route=\/wp\/v2\/posts\/919\/revisions\/924"}],"wp:featuredmedia":[{"embeddable":true,"href":"https:\/\/mex-us.mx\/index.php?rest_route=\/wp\/v2\/media\/923"}],"wp:attachment":[{"href":"https:\/\/mex-us.mx\/index.php?rest_route=%2Fwp%2Fv2%2Fmedia&parent=919"}],"wp:term":[{"taxonomy":"category","embeddable":true,"href":"https:\/\/mex-us.mx\/index.php?rest_route=%2Fwp%2Fv2%2Fcategories&post=919"},{"taxonomy":"post_tag","embeddable":true,"href":"https:\/\/mex-us.mx\/index.php?rest_route=%2Fwp%2Fv2%2Ftags&post=919"}],"curies":[{"name":"wp","href":"https:\/\/api.w.org\/{rel}","templated":true}]}}