{"id":926,"date":"2026-07-15T14:13:27","date_gmt":"2026-07-15T20:13:27","guid":{"rendered":"https:\/\/mex-us.mx\/?p=926"},"modified":"2026-07-15T16:05:09","modified_gmt":"2026-07-15T22:05:09","slug":"geopolitica-el-efecto-trump-y-el-futuro-de-la-manufactura-en-mexico-el-caso-toyota","status":"publish","type":"post","link":"https:\/\/mex-us.mx\/?p=926","title":{"rendered":"Geopol\u00edtica, el \u201cefecto Trump\u201d y el futuro de la manufactura en M\u00e9xico: el caso Toyota."},"content":{"rendered":"\n<h2 class=\"wp-block-heading\" style=\"font-size:clamp(14px, 0.875rem + ((1vw - 3.2px) * 0.313), 18px);\"><strong>Lo que el traslado de la Tacoma a Texas revela sobre el futuro industrial de M\u00e9xico<\/strong>.<\/h2>\n\n\n\n<p class=\"wp-block-paragraph\" style=\"font-size:clamp(14px, 0.875rem + ((1vw - 3.2px) * 0.156), 16px);\"><strong>Toyota no se va de M\u00e9xico. Sin embargo, su decisi\u00f3n de trasladar gradualmente parte de la producci\u00f3n de la Tacoma de Tijuana a Texas muestra c\u00f3mo la pol\u00edtica comercial de Estados Unidos<\/strong>, la incertidumbre alrededor del T-MEC y la geopol\u00edtica ya influyen directamente en las decisiones de planta.<\/p>\n\n\n\n<p class=\"wp-block-paragraph\" style=\"font-size:clamp(14px, 0.875rem + ((1vw - 3.2px) * 0.156), 16px);\">Durante a\u00f1os, la pol\u00edtica exterior y las decisiones industriales parec\u00edan pertenecer a mundos distintos. Hoy esa separaci\u00f3n ya no existe.<\/p>\n\n\n\n<p class=\"wp-block-paragraph\" style=\"font-size:clamp(14px, 0.875rem + ((1vw - 3.2px) * 0.156), 16px);\">Un arancel anunciado en Washington puede modificar una cadena de suministro, frenar una inversi\u00f3n o cambiar el destino de miles de empleos en M\u00e9xico. La geopol\u00edtica dej\u00f3 de ser un asunto reservado para especialistas: ahora tambi\u00e9n determina d\u00f3nde producen las empresas, cu\u00e1nto invierten y qu\u00e9 mensajes deben comunicar a trabajadores, gobiernos y mercados.<\/p>\n\n\n\n<p class=\"wp-block-paragraph\" style=\"font-size:clamp(14px, 0.875rem + ((1vw - 3.2px) * 0.156), 16px);\">El caso Toyota es una muestra clara de este nuevo escenario.<\/p>\n\n\n\n<p class=\"wp-block-paragraph\" style=\"font-size:clamp(14px, 0.875rem + ((1vw - 3.2px) * 0.313), 18px);\"><strong>\u00bfQu\u00e9 anunci\u00f3 Toyota?<\/strong><\/p>\n\n\n\n<p class=\"wp-block-paragraph\" style=\"font-size:clamp(14px, 0.875rem + ((1vw - 3.2px) * 0.156), 16px);\"><strong>El 6 de julio de 2026, Toyota Motor North America confirm\u00f3 que trasladar\u00e1 gradualmente la producci\u00f3n de la Tacoma que actualmente se realiza en Toyota Motor Manufacturing Baja California (TMMBC), en Tijuana, hacia una nueva l\u00ednea de ensamblaje en San Antonio, Texas.<\/strong><\/p>\n\n\n\n<p class=\"wp-block-paragraph\" style=\"font-size:clamp(14px, 0.875rem + ((1vw - 3.2px) * 0.156), 16px);\">El proceso se desarrollar\u00e1 durante aproximadamente cuatro a\u00f1os. La nueva l\u00ednea comenzar\u00eda a operar en 2030.<\/p>\n\n\n\n<div class=\"wp-block-stackable-image stk-block-image stk-block stk-408e13e\" data-block-id=\"408e13e\"><figure><span class=\"stk-img-wrapper stk-image--shape-stretch\"><img loading=\"lazy\" decoding=\"async\" class=\"stk-img wp-image-928\" src=\"http:\/\/mex-us.mx\/wp-content\/uploads\/2026\/07\/ChatGPT-Image-15-jul-2026-01_51_25-p.m.png\" width=\"1536\" height=\"1024\" srcset=\"https:\/\/mex-us.mx\/wp-content\/uploads\/2026\/07\/ChatGPT-Image-15-jul-2026-01_51_25-p.m.png 1536w, https:\/\/mex-us.mx\/wp-content\/uploads\/2026\/07\/ChatGPT-Image-15-jul-2026-01_51_25-p.m-300x200.png 300w, https:\/\/mex-us.mx\/wp-content\/uploads\/2026\/07\/ChatGPT-Image-15-jul-2026-01_51_25-p.m-1024x683.png 1024w, https:\/\/mex-us.mx\/wp-content\/uploads\/2026\/07\/ChatGPT-Image-15-jul-2026-01_51_25-p.m-768x512.png 768w\" sizes=\"auto, (max-width: 1536px) 100vw, 1536px\" \/><\/span><\/figure><\/div>\n\n\n\n<p class=\"wp-block-paragraph\" style=\"font-size:clamp(14px, 0.875rem + ((1vw - 3.2px) * 0.313), 18px);\"><strong>\u00bfToyota se va de M\u00e9xico?<\/strong><\/p>\n\n\n\n<p class=\"wp-block-paragraph\" style=\"font-size:clamp(14px, 0.875rem + ((1vw - 3.2px) * 0.156), 16px);\"><strong>No.<\/strong> La empresa no anunci\u00f3 su salida del pa\u00eds ni el cierre inmediato de todas sus operaciones mexicanas.<\/p>\n\n\n\n<p class=\"wp-block-paragraph\" style=\"font-size:clamp(14px, 0.875rem + ((1vw - 3.2px) * 0.156), 16px);\">Toyota mantendr\u00e1 la producci\u00f3n de la Tacoma en Guanajuato, donde continuar\u00e1 el ensamble de la nueva generaci\u00f3n de la pickup, incluidas las versiones h\u00edbridas.<\/p>\n\n\n\n<p class=\"wp-block-paragraph\" style=\"font-size:clamp(14px, 0.875rem + ((1vw - 3.2px) * 0.156), 16px);\"><strong>El punto de mayor incertidumbre est\u00e1 en Tijuana. La planta de Baja California produce exclusivamente la Tacoma y cuenta con m\u00e1s de 3,000 trabajadores, adem\u00e1s de una red cercana a 1,500 proveedores.<\/strong><\/p>\n\n\n\n<p class=\"wp-block-paragraph\" style=\"font-size:clamp(14px, 0.875rem + ((1vw - 3.2px) * 0.156), 16px);\">Mientras Toyota no informe qu\u00e9 producto ocupar\u00e1 la capacidad que dejar\u00e1 la Tacoma, el futuro del complejo seguir\u00e1 abierto. Ese vac\u00edo explica por qu\u00e9 el anuncio gener\u00f3 titulares tan distintos: desde \u201cToyota se va de M\u00e9xico\u201d hasta \u201cToyota no cerrar\u00e1 su planta\u201d.<\/p>\n\n\n\n<p class=\"wp-block-paragraph\" style=\"font-size:clamp(14px, 0.875rem + ((1vw - 3.2px) * 0.156), 16px);\"><strong>\u00bfQu\u00e9 tiene que ver Trump?<\/strong><\/p>\n\n\n\n<p class=\"wp-block-paragraph\" style=\"font-size:clamp(14px, 0.875rem + ((1vw - 3.2px) * 0.156), 16px);\">Toyota ha evitado presentar la pol\u00edtica comercial estadounidense como la \u00fanica causa de la decisi\u00f3n. Aun as\u00ed, el contexto es dif\u00edcil de ignorar.<\/p>\n\n\n\n<p class=\"wp-block-paragraph\" style=\"font-size:clamp(14px, 0.875rem + ((1vw - 3.2px) * 0.156), 16px);\">De acuerdo con autoridades de Baja California, el traslado responde en parte al impacto de los aranceles estadounidenses al acero y al aluminio, as\u00ed como al debilitamiento de las ventas de veh\u00edculos en la costa oeste de Estados Unidos.<\/p>\n\n\n\n<p class=\"wp-block-paragraph\" style=\"font-size:clamp(14px, 0.875rem + ((1vw - 3.2px) * 0.156), 16px);\">Donald Trump celebr\u00f3 el movimiento como una consecuencia de su estrategia para llevar producci\u00f3n y empleos de regreso a territorio estadounidense. Esa lectura pol\u00edtica no explica por s\u00ed sola toda la decisi\u00f3n empresarial, pero s\u00ed muestra c\u00f3mo los aranceles pueden acelerar cambios que las compa\u00f1\u00edas ya estaban evaluando.<\/p>\n\n\n\n<p class=\"wp-block-paragraph\" style=\"font-size:clamp(14px, 0.875rem + ((1vw - 3.2px) * 0.156), 16px);\"><strong>Por eso conviene entender el llamado \u201cefecto Trump\u201d no como una causa \u00fanica, sino como un catalizador: aumenta el costo de producir fuera de Estados Unidos,<\/strong> reduce la previsibilidad y presiona a las empresas para reconsiderar la ubicaci\u00f3n de sus l\u00edneas de ensamblaje.<\/p>\n\n\n\n<p class=\"wp-block-paragraph\" style=\"font-size:clamp(14px, 0.875rem + ((1vw - 3.2px) * 0.313), 18px);\"><strong>El T-MEC y la incertidumbre permanente<\/strong><\/p>\n\n\n\n<p class=\"wp-block-paragraph\" style=\"font-size:clamp(14px, 0.875rem + ((1vw - 3.2px) * 0.156), 16px);\">El anuncio de Toyota tambi\u00e9n ocurre en un momento de tensi\u00f3n alrededor del T-MEC. Aunque el tratado contin\u00faa vigente, un esquema de revisiones frecuentes puede prolongar la incertidumbre para las empresas que necesitan planear inversiones a diez o quince a\u00f1os.<\/p>\n\n\n\n<p class=\"wp-block-paragraph\" style=\"font-size:clamp(14px, 0.875rem + ((1vw - 3.2px) * 0.156), 16px);\">Para una armadora, construir o ampliar una planta no es una decisi\u00f3n de corto plazo. Requiere estabilidad regulatoria, certeza sobre aranceles y claridad sobre las reglas de origen. Cuando esas condiciones cambian constantemente, las compa\u00f1\u00edas tienden a retrasar inversiones, dividir riesgos o acercar parte de su producci\u00f3n al mercado estadounidense.<\/p>\n\n\n\n<p class=\"wp-block-paragraph\" style=\"font-size:clamp(14px, 0.875rem + ((1vw - 3.2px) * 0.156), 16px);\">Toyota tampoco es un caso aislado. Otras armadoras han reconsiderado la distribuci\u00f3n de sus operaciones en Norteam\u00e9rica ante la presi\u00f3n arancelaria y los cambios en la demanda.<\/p>\n\n\n\n<div class=\"wp-block-stackable-image stk-block-image stk-block stk-35714be\" data-block-id=\"35714be\"><figure><span class=\"stk-img-wrapper stk-image--shape-stretch\"><img loading=\"lazy\" decoding=\"async\" class=\"stk-img wp-image-927\" src=\"http:\/\/mex-us.mx\/wp-content\/uploads\/2026\/07\/ChatGPT-Image-15-jul-2026-01_35_27-p.m.png\" width=\"1024\" height=\"1536\" srcset=\"https:\/\/mex-us.mx\/wp-content\/uploads\/2026\/07\/ChatGPT-Image-15-jul-2026-01_35_27-p.m.png 1024w, https:\/\/mex-us.mx\/wp-content\/uploads\/2026\/07\/ChatGPT-Image-15-jul-2026-01_35_27-p.m-200x300.png 200w, https:\/\/mex-us.mx\/wp-content\/uploads\/2026\/07\/ChatGPT-Image-15-jul-2026-01_35_27-p.m-683x1024.png 683w, https:\/\/mex-us.mx\/wp-content\/uploads\/2026\/07\/ChatGPT-Image-15-jul-2026-01_35_27-p.m-768x1152.png 768w\" sizes=\"auto, (max-width: 1024px) 100vw, 1024px\" \/><\/span><\/figure><\/div>\n\n\n\n<p class=\"wp-block-paragraph\" style=\"font-size:clamp(14px, 0.875rem + ((1vw - 3.2px) * 0.313), 18px);\"><strong>El verdadero riesgo para M\u00e9xico<\/strong><\/p>\n\n\n\n<p class=\"wp-block-paragraph\" style=\"font-size:clamp(14px, 0.875rem + ((1vw - 3.2px) * 0.156), 16px);\">El mayor riesgo no es que toda la industria automotriz abandone M\u00e9xico de un d\u00eda para otro. El escenario m\u00e1s probable es una reconfiguraci\u00f3n gradual y desigual.<\/p>\n\n\n\n<p class=\"wp-block-paragraph\" style=\"font-size:clamp(14px, 0.875rem + ((1vw - 3.2px) * 0.156), 16px);\">Algunas plantas conservar\u00e1n o atraer\u00e1n producci\u00f3n por su especializaci\u00f3n, su red de proveedores y su capacidad tecnol\u00f3gica. Otras, especialmente las que dependen de un solo modelo o de las exportaciones hacia Estados Unidos, enfrentar\u00e1n una mayor vulnerabilidad.<\/p>\n\n\n\n<p class=\"wp-block-paragraph\" style=\"font-size:clamp(14px, 0.875rem + ((1vw - 3.2px) * 0.156), 16px);\">El contraste entre Tijuana y Guanajuato lo demuestra. Mientras la planta de Baja California espera conocer qu\u00e9 ocurrir\u00e1 despu\u00e9s de la Tacoma, Guanajuato conserva el ensamble de la nueva generaci\u00f3n y de las versiones h\u00edbridas.<\/p>\n\n\n\n<p class=\"wp-block-paragraph\" style=\"font-size:clamp(14px, 0.875rem + ((1vw - 3.2px) * 0.156), 16px);\">M\u00e9xico, por lo tanto, no reacciona como un bloque uniforme. El impacto depender\u00e1 de la regi\u00f3n, el tipo de manufactura, el nivel de integraci\u00f3n con Estados Unidos y la capacidad de cada planta para adaptarse.<\/p>\n\n\n\n<div class=\"wp-block-stackable-image stk-block-image stk-block stk-3d25ef6\" data-block-id=\"3d25ef6\"><figure><span class=\"stk-img-wrapper stk-image--shape-stretch\"><img loading=\"lazy\" decoding=\"async\" class=\"stk-img wp-image-929\" src=\"http:\/\/mex-us.mx\/wp-content\/uploads\/2026\/07\/ChatGPT-Image-15-jul-2026-02_07_12-p.m.png\" width=\"1024\" height=\"1536\" srcset=\"https:\/\/mex-us.mx\/wp-content\/uploads\/2026\/07\/ChatGPT-Image-15-jul-2026-02_07_12-p.m.png 1024w, https:\/\/mex-us.mx\/wp-content\/uploads\/2026\/07\/ChatGPT-Image-15-jul-2026-02_07_12-p.m-200x300.png 200w, https:\/\/mex-us.mx\/wp-content\/uploads\/2026\/07\/ChatGPT-Image-15-jul-2026-02_07_12-p.m-683x1024.png 683w, https:\/\/mex-us.mx\/wp-content\/uploads\/2026\/07\/ChatGPT-Image-15-jul-2026-02_07_12-p.m-768x1152.png 768w\" sizes=\"auto, (max-width: 1024px) 100vw, 1024px\" \/><\/span><\/figure><\/div>\n\n\n\n<p class=\"wp-block-paragraph\" style=\"font-size:clamp(14px, 0.875rem + ((1vw - 3.2px) * 0.313), 18px);\"><strong>La gran lecci\u00f3n<\/strong><\/p>\n\n\n\n<p class=\"wp-block-paragraph\" style=\"font-size:clamp(14px, 0.875rem + ((1vw - 3.2px) * 0.156), 16px);\">Toyota no est\u00e1 abandonando M\u00e9xico. Est\u00e1 redistribuyendo su producci\u00f3n en respuesta a presiones comerciales, cambios en la demanda y una nueva realidad geopol\u00edtica.<\/p>\n\n\n\n<p class=\"wp-block-paragraph\" style=\"font-size:clamp(14px, 0.875rem + ((1vw - 3.2px) * 0.156), 16px);\">La decisi\u00f3n es gradual y calculada, pero su comunicaci\u00f3n ha dejado preguntas importantes sin respuesta, especialmente sobre el futuro de Tijuana.<\/p>\n\n\n\n<p class=\"wp-block-paragraph\" style=\"font-size:clamp(14px, 0.875rem + ((1vw - 3.2px) * 0.156), 16px);\">Para M\u00e9xico, el caso no debe leerse como una se\u00f1al de derrota inevitable. Es una advertencia: la competitividad ya no depende solamente de salarios bajos o cercan\u00eda geogr\u00e1fica. Tambi\u00e9n exige especializaci\u00f3n, proveedores s\u00f3lidos, capital humano, certidumbre regulatoria y capacidad de adaptaci\u00f3n.<\/p>\n\n\n\n<p class=\"wp-block-paragraph\" style=\"font-size:clamp(14px, 0.875rem + ((1vw - 3.2px) * 0.156), 16px);\">Creer en M\u00e9xico sigue siendo una apuesta razonable. Pero hacerlo sin ingenuidad implica entender d\u00f3nde se est\u00e1 fortaleciendo la manufactura, d\u00f3nde se est\u00e1 reconfigurando y qu\u00e9 regiones necesitan prepararse para el siguiente movimiento.<\/p>\n","protected":false},"excerpt":{"rendered":"<p>Lo que el traslado de la Tacoma a Texas revela sobre el futuro industrial de M\u00e9xico. Toyota no se va de M\u00e9xico. Sin embargo, su decisi\u00f3n de trasladar gradualmente parte de la producci\u00f3n de la Tacoma de Tijuana a Texas muestra c\u00f3mo la pol\u00edtica comercial de Estados Unidos, la incertidumbre alrededor del T-MEC y la [&hellip;]<\/p>\n","protected":false},"author":2,"featured_media":930,"comment_status":"open","ping_status":"closed","sticky":false,"template":"","format":"standard","meta":{"footnotes":""},"categories":[55],"tags":[56],"class_list":["post-926","post","type-post","status-publish","format-standard","has-post-thumbnail","hentry","category-industria","tag-industria"],"blocksy_meta":[],"_links":{"self":[{"href":"https:\/\/mex-us.mx\/index.php?rest_route=\/wp\/v2\/posts\/926","targetHints":{"allow":["GET"]}}],"collection":[{"href":"https:\/\/mex-us.mx\/index.php?rest_route=\/wp\/v2\/posts"}],"about":[{"href":"https:\/\/mex-us.mx\/index.php?rest_route=\/wp\/v2\/types\/post"}],"author":[{"embeddable":true,"href":"https:\/\/mex-us.mx\/index.php?rest_route=\/wp\/v2\/users\/2"}],"replies":[{"embeddable":true,"href":"https:\/\/mex-us.mx\/index.php?rest_route=%2Fwp%2Fv2%2Fcomments&post=926"}],"version-history":[{"count":2,"href":"https:\/\/mex-us.mx\/index.php?rest_route=\/wp\/v2\/posts\/926\/revisions"}],"predecessor-version":[{"id":932,"href":"https:\/\/mex-us.mx\/index.php?rest_route=\/wp\/v2\/posts\/926\/revisions\/932"}],"wp:featuredmedia":[{"embeddable":true,"href":"https:\/\/mex-us.mx\/index.php?rest_route=\/wp\/v2\/media\/930"}],"wp:attachment":[{"href":"https:\/\/mex-us.mx\/index.php?rest_route=%2Fwp%2Fv2%2Fmedia&parent=926"}],"wp:term":[{"taxonomy":"category","embeddable":true,"href":"https:\/\/mex-us.mx\/index.php?rest_route=%2Fwp%2Fv2%2Fcategories&post=926"},{"taxonomy":"post_tag","embeddable":true,"href":"https:\/\/mex-us.mx\/index.php?rest_route=%2Fwp%2Fv2%2Ftags&post=926"}],"curies":[{"name":"wp","href":"https:\/\/api.w.org\/{rel}","templated":true}]}}