{"id":934,"date":"2026-07-21T20:47:30","date_gmt":"2026-07-22T02:47:30","guid":{"rendered":"https:\/\/mex-us.mx\/?p=934"},"modified":"2026-07-21T20:48:41","modified_gmt":"2026-07-22T02:48:41","slug":"mexico-no-tiene-que-elegir-por-que-comparar-el-t-mec-con-el-acuerdo-global-modernizado-parte-de-una-premisa-equivocada","status":"publish","type":"post","link":"https:\/\/mex-us.mx\/?p=934","title":{"rendered":"M\u00e9xico no tiene que elegir: por qu\u00e9 comparar el T-MEC con el Acuerdo Global Modernizado parte de una premisa equivocada"},"content":{"rendered":"\n<p class=\"has-black-color has-text-color has-link-color wp-elements-1 wp-block-paragraph\" style=\"font-size:clamp(14px, 0.875rem + ((1vw - 3.2px) * 0.156), 16px);\">En las \u00faltimas semanas, a medida que avanza la revisi\u00f3n del T-MEC y se acerca la entrada en vigor del Acuerdo Comercial Interino con la Uni\u00f3n Europea, se ha vuelto com\u00fan comparar ambos instrumentos como si M\u00e9xico tuviera que decidir cu\u00e1l relaci\u00f3n es \u201cm\u00e1s importante\u201d. Sin embargo, esta comparaci\u00f3n parte de una premisa equivocada: no se trata de acuerdos equivalentes. No resuelven los mismos problemas ni compiten por el mismo espacio en la pol\u00edtica comercial mexicana.<\/p>\n\n\n\n<p class=\"has-black-color has-text-color has-link-color wp-elements-2 wp-block-paragraph\" style=\"font-size:clamp(14px, 0.875rem + ((1vw - 3.2px) * 0.313), 18px);\"><strong>Los n\u00fameros, sin adornos<br><\/strong><\/p>\n\n\n\n<div class=\"wp-block-stackable-image stk-block-image stk-block stk-92443a4\" data-block-id=\"92443a4\"><figure><span class=\"stk-img-wrapper stk-image--shape-stretch stk--has-lightbox\"><img loading=\"lazy\" decoding=\"async\" class=\"stk-img wp-image-935\" src=\"http:\/\/mex-us.mx\/wp-content\/uploads\/2026\/07\/ChatGPT-Image-21-jul-2026-08_40_23-p.m.png\" width=\"1402\" height=\"1122\" srcset=\"https:\/\/mex-us.mx\/wp-content\/uploads\/2026\/07\/ChatGPT-Image-21-jul-2026-08_40_23-p.m.png 1402w, https:\/\/mex-us.mx\/wp-content\/uploads\/2026\/07\/ChatGPT-Image-21-jul-2026-08_40_23-p.m-300x240.png 300w, https:\/\/mex-us.mx\/wp-content\/uploads\/2026\/07\/ChatGPT-Image-21-jul-2026-08_40_23-p.m-1024x819.png 1024w, https:\/\/mex-us.mx\/wp-content\/uploads\/2026\/07\/ChatGPT-Image-21-jul-2026-08_40_23-p.m-768x615.png 768w\" sizes=\"auto, (max-width: 1402px) 100vw, 1402px\" \/><\/span><\/figure><\/div>\n\n\n\n<div class=\"wp-block-stackable-image stk-block-image stk-block stk-37dd4a7\" data-block-id=\"37dd4a7\"><figure><span class=\"stk-img-wrapper stk-image--shape-stretch stk--has-lightbox\"><img loading=\"lazy\" decoding=\"async\" class=\"stk-img wp-image-936\" src=\"http:\/\/mex-us.mx\/wp-content\/uploads\/2026\/07\/ChatGPT-Image-21-jul-2026-08_42_17-p.m.png\" width=\"1536\" height=\"1024\" srcset=\"https:\/\/mex-us.mx\/wp-content\/uploads\/2026\/07\/ChatGPT-Image-21-jul-2026-08_42_17-p.m.png 1536w, https:\/\/mex-us.mx\/wp-content\/uploads\/2026\/07\/ChatGPT-Image-21-jul-2026-08_42_17-p.m-300x200.png 300w, https:\/\/mex-us.mx\/wp-content\/uploads\/2026\/07\/ChatGPT-Image-21-jul-2026-08_42_17-p.m-1024x683.png 1024w, https:\/\/mex-us.mx\/wp-content\/uploads\/2026\/07\/ChatGPT-Image-21-jul-2026-08_42_17-p.m-768x512.png 768w\" sizes=\"auto, (max-width: 1536px) 100vw, 1536px\" \/><\/span><\/figure><\/div>\n\n\n\n<p class=\"has-black-color has-text-color has-link-color wp-elements-3 wp-block-paragraph\" style=\"font-size:clamp(14px, 0.875rem + ((1vw - 3.2px) * 0.156), 16px);\">La diferencia de escala es clara: M\u00e9xico comercia casi diez veces m\u00e1s con Estados Unidos que con la Uni\u00f3n Europea. Pero esto no es un argumento en contra del AGM; por el contrario, ayuda a explicar por qu\u00e9 es importante.<\/p>\n\n\n\n<p class=\"has-black-color has-text-color has-link-color wp-elements-4 wp-block-paragraph\" style=\"font-size:clamp(14px, 0.875rem + ((1vw - 3.2px) * 0.313), 18px);\"><strong>Por qu\u00e9 no son comparables<\/strong><\/p>\n\n\n\n<p class=\"has-black-color has-text-color has-link-color wp-elements-5 wp-block-paragraph\" style=\"font-size:clamp(14px, 0.875rem + ((1vw - 3.2px) * 0.156), 16px);\"><strong>Resuelven problemas distintos. <\/strong>El T-MEC es un tratado de integraci\u00f3n productiva: articula cadenas de suministro, establece reglas de origen \u2014como las del sector automotriz\u2014 y facilita el movimiento de insumos entre M\u00e9xico, Estados Unidos y Canad\u00e1. El AGM es un acuerdo de asociaci\u00f3n estrat\u00e9gica que abarca comercio, cooperaci\u00f3n pol\u00edtica y di\u00e1logo institucional, sin buscar el mismo nivel de integraci\u00f3n industrial. En t\u00e9rminos simples: uno organiza una manufactura compartida; el otro abre y diversifica mercados.<\/p>\n\n\n\n<p class=\"has-black-color has-text-color has-link-color wp-elements-6 wp-block-paragraph\" style=\"font-size:clamp(14px, 0.875rem + ((1vw - 3.2px) * 0.156), 16px);\"><strong>Operan en etapas distintas. <\/strong>El T-MEC est\u00e1 plenamente vigente y atraviesa el proceso previsto en su cl\u00e1usula de revisi\u00f3n conjunta, con la primera ronda bilateral programada para julio de 2026. El AGM, en cambio, avanza por partes. El Acuerdo Comercial Interino ya fue aprobado por el Parlamento Europeo y podr\u00eda entrar en vigor en los pr\u00f3ximos meses. El tratado completo, al ser de competencia mixta, requiere la ratificaci\u00f3n de los 27 Estados miembros de la Uni\u00f3n Europea, adem\u00e1s de la aprobaci\u00f3n del Senado mexicano. Hist\u00f3ricamente, este tipo de proceso puede tomar entre dos y cinco a\u00f1os.<\/p>\n\n\n\n<p class=\"has-black-color has-text-color has-link-color wp-elements-7 wp-block-paragraph\" style=\"font-size:clamp(14px, 0.875rem + ((1vw - 3.2px) * 0.156), 16px);\"><strong>No son sustitutos, sino complementos. <\/strong>El comercio con Europa no va a \u201creemplazar\u201d la relaci\u00f3n con Estados Unidos en el corto o mediano plazo, ni esa ha sido la finalidad del AGM. Su funci\u00f3n es reducir la exposici\u00f3n de M\u00e9xico a la volatilidad de un solo socio comercial, por grande o cercano que sea.<\/p>\n\n\n\n<p class=\"has-black-color has-text-color has-link-color wp-elements-8 wp-block-paragraph\" style=\"font-size:clamp(14px, 0.875rem + ((1vw - 3.2px) * 0.313), 18px);\"><strong>La reflexi\u00f3n de fondo<\/strong><\/p>\n\n\n\n<p class=\"has-black-color has-text-color has-link-color wp-elements-9 wp-block-paragraph\" style=\"font-size:clamp(14px, 0.875rem + ((1vw - 3.2px) * 0.156), 16px);\">El riesgo de concentrar 80% de las exportaciones en un solo mercado no es hipot\u00e9tico. Ya se ha hecho evidente en los episodios arancelarios recientes, en la incertidumbre en torno a la revisi\u00f3n del T-MEC y en la manera en que las decisiones de pol\u00edtica interna en Washington pueden cambiar, de un d\u00eda para otro, las condiciones para empresas mexicanas enteras. Ninguna econom\u00eda madura concentra su comercio exterior en un solo cliente, por m\u00e1s grande que sea. Diversificar no significa debilitar la relaci\u00f3n con Estados Unidos, sino reducir la dependencia de ella.<\/p>\n\n\n\n<p class=\"has-black-color has-text-color has-link-color wp-elements-10 wp-block-paragraph\" style=\"font-size:clamp(14px, 0.875rem + ((1vw - 3.2px) * 0.156), 16px);\">El AGM no le resta valor al T-MEC. Le ofrece a M\u00e9xico algo que el tratado norteamericano, por dise\u00f1o, no puede darle: acceso institucionalizado a un mercado de 450 millones de consumidores, reglas de inversi\u00f3n modernizadas y un socio dispuesto a invertir capital pol\u00edtico y econ\u00f3mico en el Plan M\u00e9xico, justo cuando la relaci\u00f3n con Washington exige cautela. Presentar ambos acuerdos como rivales impide ver lo que realmente est\u00e1 en juego: la capacidad de la pol\u00edtica comercial mexicana para resistir y adaptarse ante cualquier eventualidad, venga de donde venga.<\/p>\n\n\n\n<p class=\"has-black-color has-text-color has-link-color wp-elements-11 wp-block-paragraph\" style=\"font-size:clamp(14px, 0.875rem + ((1vw - 3.2px) * 0.156), 16px);\">La pregunta no deber\u00eda ser \u201c\u00bfEstados Unidos o la Uni\u00f3n Europea?\u201d. Deber\u00eda ser esta: adem\u00e1s de fortalecer su relaci\u00f3n comercial m\u00e1s importante, \u00bfcon qu\u00e9 rapidez puede M\u00e9xico construir una segunda, una tercera y una cuarta v\u00eda que lo hagan menos vulnerable a decisiones que est\u00e1n fuera de su control?<\/p>\n\n\n\n<p class=\"wp-block-paragraph\"><\/p>\n","protected":false},"excerpt":{"rendered":"<p>En las \u00faltimas semanas, a medida que avanza la revisi\u00f3n del T-MEC y se acerca la entrada en vigor del Acuerdo Comercial Interino con la Uni\u00f3n Europea, se ha vuelto com\u00fan comparar ambos instrumentos como si M\u00e9xico tuviera que decidir cu\u00e1l relaci\u00f3n es \u201cm\u00e1s importante\u201d. Sin embargo, esta comparaci\u00f3n parte de una premisa equivocada: no [&hellip;]<\/p>\n","protected":false},"author":1,"featured_media":937,"comment_status":"open","ping_status":"open","sticky":false,"template":"","format":"standard","meta":{"footnotes":""},"categories":[54],"tags":[],"class_list":["post-934","post","type-post","status-publish","format-standard","has-post-thumbnail","hentry","category-economia"],"blocksy_meta":[],"_links":{"self":[{"href":"https:\/\/mex-us.mx\/index.php?rest_route=\/wp\/v2\/posts\/934","targetHints":{"allow":["GET"]}}],"collection":[{"href":"https:\/\/mex-us.mx\/index.php?rest_route=\/wp\/v2\/posts"}],"about":[{"href":"https:\/\/mex-us.mx\/index.php?rest_route=\/wp\/v2\/types\/post"}],"author":[{"embeddable":true,"href":"https:\/\/mex-us.mx\/index.php?rest_route=\/wp\/v2\/users\/1"}],"replies":[{"embeddable":true,"href":"https:\/\/mex-us.mx\/index.php?rest_route=%2Fwp%2Fv2%2Fcomments&post=934"}],"version-history":[{"count":3,"href":"https:\/\/mex-us.mx\/index.php?rest_route=\/wp\/v2\/posts\/934\/revisions"}],"predecessor-version":[{"id":941,"href":"https:\/\/mex-us.mx\/index.php?rest_route=\/wp\/v2\/posts\/934\/revisions\/941"}],"wp:featuredmedia":[{"embeddable":true,"href":"https:\/\/mex-us.mx\/index.php?rest_route=\/wp\/v2\/media\/937"}],"wp:attachment":[{"href":"https:\/\/mex-us.mx\/index.php?rest_route=%2Fwp%2Fv2%2Fmedia&parent=934"}],"wp:term":[{"taxonomy":"category","embeddable":true,"href":"https:\/\/mex-us.mx\/index.php?rest_route=%2Fwp%2Fv2%2Fcategories&post=934"},{"taxonomy":"post_tag","embeddable":true,"href":"https:\/\/mex-us.mx\/index.php?rest_route=%2Fwp%2Fv2%2Ftags&post=934"}],"curies":[{"name":"wp","href":"https:\/\/api.w.org\/{rel}","templated":true}]}}