{"id":942,"date":"2026-07-29T16:53:05","date_gmt":"2026-07-29T22:53:05","guid":{"rendered":"https:\/\/mex-us.mx\/?p=942"},"modified":"2026-08-06T22:56:01","modified_gmt":"2026-08-07T04:56:01","slug":"el-boom-exportador-de-mexico-una-realidad-en-tiempos-de-negociacion-del-t-mec","status":"publish","type":"post","link":"https:\/\/mex-us.mx\/?p=942","title":{"rendered":"El &#8220;boom exportador&#8221; de M\u00e9xico, una realidad en tiempos de negociaci\u00f3n del T-MEC"},"content":{"rendered":"\n<p class=\"has-black-color has-text-color has-link-color wp-elements-1 wp-block-paragraph\" style=\"font-size:clamp(14px, 0.875rem + ((1vw - 3.2px) * 0.156), 16px);\">M\u00e9xico acaba de vivir su mejor semestre exportador de la historia: 389 mil 723 millones de d\u00f3lares, un salto de 24.6% que ni los aranceles lograron frenar.<\/p>\n\n\n\n<p class=\"has-black-color has-text-color has-link-color wp-elements-2 wp-block-paragraph\" style=\"font-size:clamp(14px, 0.875rem + ((1vw - 3.2px) * 0.156), 16px);\">Esto lleva a recordar lo que el hoy embajador de M\u00e9xico ante la Uni\u00f3n Europea, Esteban Moctezuma, sosten\u00eda cuando estuvo al frente de la embajada en Washington: que las econom\u00edas de M\u00e9xico y Estados Unidos son <strong>interdependientes<\/strong>. El argumento se sostiene solo: M\u00e9xico necesita preservar el acceso preferencial que sostiene su modelo exportador y el nearshoring; Estados Unidos, por su parte, busca corregir desequilibrios sin perder la plataforma regional que le da ventaja frente a China.<\/p>\n\n\n\n<p class=\"has-black-color has-text-color has-link-color wp-elements-3 wp-block-paragraph\" style=\"font-size:clamp(14px, 0.875rem + ((1vw - 3.2px) * 0.156), 16px);\">Esa interdependencia es justo el tel\u00f3n de fondo de lo que est\u00e1 pasando esta semana en la revisi\u00f3n del T-MEC. Aqu\u00ed te explicamos c\u00f3mo se conecta todo.<\/p>\n\n\n\n<div class=\"wp-block-stackable-image stk-block-image stk-block stk-7b6a534\" data-block-id=\"7b6a534\"><figure><span class=\"stk-img-wrapper stk-image--shape-stretch stk--has-lightbox\"><img loading=\"lazy\" decoding=\"async\" class=\"stk-img wp-image-943\" src=\"http:\/\/mex-us.mx\/wp-content\/uploads\/2026\/08\/ChatGPT-Image-6-ago-2026-10_44_00-p.m.png\" width=\"1536\" height=\"1024\" srcset=\"https:\/\/mex-us.mx\/wp-content\/uploads\/2026\/08\/ChatGPT-Image-6-ago-2026-10_44_00-p.m.png 1536w, https:\/\/mex-us.mx\/wp-content\/uploads\/2026\/08\/ChatGPT-Image-6-ago-2026-10_44_00-p.m-300x200.png 300w, https:\/\/mex-us.mx\/wp-content\/uploads\/2026\/08\/ChatGPT-Image-6-ago-2026-10_44_00-p.m-1024x683.png 1024w, https:\/\/mex-us.mx\/wp-content\/uploads\/2026\/08\/ChatGPT-Image-6-ago-2026-10_44_00-p.m-768x512.png 768w\" sizes=\"auto, (max-width: 1536px) 100vw, 1536px\" \/><\/span><\/figure><\/div>\n\n\n\n<p class=\"has-black-color has-text-color has-link-color wp-elements-4 wp-block-paragraph\" style=\"font-size:clamp(14px, 0.875rem + ((1vw - 3.2px) * 0.156), 16px);\">En estructura, las manufacturas ya representan el <strong>91.3%<\/strong> de todo lo que M\u00e9xico vende al exterior. El pa\u00eds sigue siendo, ante todo, una plataforma industrial.<\/p>\n\n\n\n<p class=\"has-black-color has-text-color has-link-color wp-elements-5 wp-block-paragraph\" style=\"font-size:clamp(14px, 0.875rem + ((1vw - 3.2px) * 0.156), 16px);\">Del lado de las compras, las importaciones sumaron <strong>379 mil 866 millones de d\u00f3lares<\/strong> (+22%), impulsadas por bienes intermedios, es decir, insumos para seguir fabricando y exportando. El resultado neto: un <strong>super\u00e1vit comercial de 9 mil 857 millones de d\u00f3lares<\/strong> en el semestre, casi siete veces m\u00e1s que el de 2025 (mil 433 millones).<\/p>\n\n\n\n<p class=\"has-black-color has-text-color has-link-color wp-elements-6 wp-block-paragraph\" style=\"font-size:clamp(14px, 0.875rem + ((1vw - 3.2px) * 0.156), 16px);\">Algunos economistas, como Ger\u00f3nimo Ugarte de Valmex, ponen un matiz importante: buena parte de este boom corresponde al ensamblaje final en M\u00e9xico de componentes asi\u00e1ticos, es decir, exportaciones de menor valor agregado. El impulso es real, pero su calidad \u2014y su duraci\u00f3n\u2014 todav\u00eda est\u00e1n en debate.<\/p>\n\n\n\n<h2 class=\"wp-block-heading has-black-color has-text-color has-link-color wp-elements-7\" style=\"font-size:clamp(14px, 0.875rem + ((1vw - 3.2px) * 0.391), 19px);\"><strong>Mientras tanto, en la mesa de negociaci\u00f3n<\/strong><\/h2>\n\n\n\n<p class=\"has-black-color has-text-color has-link-color wp-elements-8 wp-block-paragraph\" style=\"font-size:clamp(14px, 0.875rem + ((1vw - 3.2px) * 0.156), 16px);\">Este r\u00e9cord no ocurre en el vac\u00edo. Ocurre en medio de la revisi\u00f3n conjunta del T-MEC, y la semana pasada tuvimos otra se\u00f1al de hacia d\u00f3nde va esa conversaci\u00f3n.<\/p>\n\n\n\n<p class=\"has-black-color has-text-color has-link-color wp-elements-9 wp-block-paragraph\" style=\"font-size:clamp(14px, 0.875rem + ((1vw - 3.2px) * 0.156), 16px);\">El 23 de julio, tras tres d\u00edas de reuniones en Ciudad de M\u00e9xico, el representante comercial de Estados Unidos, <strong>Jamieson Greer<\/strong>, y el secretario de Econom\u00eda, <strong>Marcelo Ebrard<\/strong>, cerraron la <strong>tercera ronda<\/strong> de negociaciones bilaterales con un comunicado conjunto. El tono: &#8220;colaboraci\u00f3n constructiva&#8221; entre la USTR y la Secretar\u00eda de Econom\u00eda. Greer incluso se reuni\u00f3 con la presidenta Claudia Sheinbaum para revisar los avances.<\/p>\n\n\n\n<p class=\"has-black-color has-text-color has-link-color wp-elements-10 wp-block-paragraph\" style=\"font-size:clamp(14px, 0.875rem + ((1vw - 3.2px) * 0.156), 16px);\">Los temas sobre la mesa no son menores: seguridad econ\u00f3mica, condiciones laborales, agricultura, pagos electr\u00f3nicos, acero y aluminio (con sus derivados), y reglas para el sector automotriz \u2014justo el sector que hoy es el eslab\u00f3n d\u00e9bil de las exportaciones mexicanas. Ambas partes coincidieron en algo que aparece cada vez m\u00e1s en el discurso oficial: la necesidad de fortalecer las cadenas de suministro de Am\u00e9rica del Norte y frenar el &#8220;aprovechamiento indebido&#8221; del tratado por parte de terceros pa\u00edses, l\u00e9ase, componentes asi\u00e1ticos entrando por la puerta trasera del T-MEC.<\/p>\n\n\n\n<p class=\"has-black-color has-text-color has-link-color wp-elements-11 wp-block-paragraph\" style=\"font-size:clamp(14px, 0.875rem + ((1vw - 3.2px) * 0.156), 16px);\">\u00bfEl resultado concreto de la ronda? Ninguna cifra nueva de aranceles ni reglas de origen definitivas, pero s\u00ed una fecha: la <strong>cuarta ronda de negociaciones<\/strong> se realizar\u00e1 en <strong>Washington, D.C., durante la primera quincena de septiembre<\/strong>.<\/p>\n\n\n\n<div class=\"wp-block-stackable-image stk-block-image stk-block stk-bdd8d28\" data-block-id=\"bdd8d28\"><figure><span class=\"stk-img-wrapper stk-image--shape-stretch stk--has-lightbox\"><img loading=\"lazy\" decoding=\"async\" class=\"stk-img wp-image-944\" src=\"http:\/\/mex-us.mx\/wp-content\/uploads\/2026\/08\/ChatGPT-Image-6-ago-2026-10_47_30-p.m.png\" width=\"1536\" height=\"1024\" srcset=\"https:\/\/mex-us.mx\/wp-content\/uploads\/2026\/08\/ChatGPT-Image-6-ago-2026-10_47_30-p.m.png 1536w, https:\/\/mex-us.mx\/wp-content\/uploads\/2026\/08\/ChatGPT-Image-6-ago-2026-10_47_30-p.m-300x200.png 300w, https:\/\/mex-us.mx\/wp-content\/uploads\/2026\/08\/ChatGPT-Image-6-ago-2026-10_47_30-p.m-1024x683.png 1024w, https:\/\/mex-us.mx\/wp-content\/uploads\/2026\/08\/ChatGPT-Image-6-ago-2026-10_47_30-p.m-768x512.png 768w\" sizes=\"auto, (max-width: 1536px) 100vw, 1536px\" \/><\/span><\/figure><\/div>\n\n\n\n<h2 class=\"wp-block-heading has-black-color has-text-color has-link-color wp-elements-12\" style=\"font-size:clamp(14px, 0.875rem + ((1vw - 3.2px) * 0.391), 19px);\"><strong>Lo que M\u00e9xico puso sobre la mesa: bajar aranceles, no solo dialogar<\/strong><\/h2>\n\n\n\n<p class=\"has-black-color has-text-color has-link-color wp-elements-13 wp-block-paragraph\" style=\"font-size:clamp(14px, 0.875rem + ((1vw - 3.2px) * 0.156), 16px);\">El comunicado conjunto es diplom\u00e1tico por dise\u00f1o, pero detr\u00e1s de \u00e9l M\u00e9xico llev\u00f3 una agenda concreta y, sobre todo, cuantificada. Ebrard confirm\u00f3 que la prioridad mexicana en esta tercera ronda fue expl\u00edcita: <strong>reducir el arancel del 25% que hoy enfrenta la industria automotriz<\/strong>, adem\u00e1s de eliminar los grav\u00e1menes de la <strong>Secci\u00f3n 232<\/strong> sobre acero, aluminio y sus derivados.<\/p>\n\n\n\n<p class=\"has-black-color has-text-color has-link-color wp-elements-14 wp-block-paragraph\" style=\"font-size:clamp(14px, 0.875rem + ((1vw - 3.2px) * 0.156), 16px);\">El argumento de fondo es competitivo, no solo comercial: Ebrard se\u00f1al\u00f3 que otros pa\u00edses cuentan con condiciones arancelarias que les permiten competir contra M\u00e9xico en el mercado estadounidense, pese a que M\u00e9xico forma parte de un tratado de libre comercio con Estados Unidos. El Consejo Coordinador Empresarial (CCE) reforz\u00f3 el punto: las armadoras estadounidenses instaladas en M\u00e9xico hoy pagan un arancel m\u00e1s alto para exportar a Estados Unidos que sus competidores de Jap\u00f3n, Corea y Europa, pa\u00edses que adem\u00e1s no est\u00e1n sujetos a las mismas reglas de origen.<\/p>\n\n\n\n<div class=\"wp-block-stackable-image stk-block-image stk-block stk-a01267b\" data-block-id=\"a01267b\"><figure><span class=\"stk-img-wrapper stk-image--shape-stretch stk--has-lightbox\"><img loading=\"lazy\" decoding=\"async\" class=\"stk-img wp-image-945\" src=\"http:\/\/mex-us.mx\/wp-content\/uploads\/2026\/08\/ChatGPT-Image-6-ago-2026-10_49_46-p.m.png\" width=\"1536\" height=\"1024\" srcset=\"https:\/\/mex-us.mx\/wp-content\/uploads\/2026\/08\/ChatGPT-Image-6-ago-2026-10_49_46-p.m.png 1536w, https:\/\/mex-us.mx\/wp-content\/uploads\/2026\/08\/ChatGPT-Image-6-ago-2026-10_49_46-p.m-300x200.png 300w, https:\/\/mex-us.mx\/wp-content\/uploads\/2026\/08\/ChatGPT-Image-6-ago-2026-10_49_46-p.m-1024x683.png 1024w, https:\/\/mex-us.mx\/wp-content\/uploads\/2026\/08\/ChatGPT-Image-6-ago-2026-10_49_46-p.m-768x512.png 768w\" sizes=\"auto, (max-width: 1536px) 100vw, 1536px\" \/><\/span><\/figure><\/div>\n\n\n\n<p class=\"has-black-color has-text-color has-link-color wp-elements-15 wp-block-paragraph\" style=\"font-size:clamp(14px, 0.875rem + ((1vw - 3.2px) * 0.156), 16px);\">Ebrard fue enf\u00e1tico en el mensaje que M\u00e9xico quiere proyectar: pese a las diferencias, el pa\u00eds mantiene una <strong>posici\u00f3n preferencial<\/strong> frente a otros socios comerciales de Estados Unidos, y esa ventaja \u2014dijo\u2014 ya se refleja en el propio crecimiento de las exportaciones. La comparaci\u00f3n que us\u00f3 es reveladora: de los 60 pa\u00edses alcanzados por las nuevas medidas de la Secci\u00f3n 301, M\u00e9xico es de los que menos modificaciones sufri\u00f3.<\/p>\n\n\n\n<p class=\"has-black-color has-text-color has-link-color wp-elements-16 wp-block-paragraph\" style=\"font-size:clamp(14px, 0.875rem + ((1vw - 3.2px) * 0.156), 16px);\">Del lado de Sheinbaum, el mensaje tambi\u00e9n fue de firmeza: la presidenta afirm\u00f3 que M\u00e9xico buscar\u00e1 <strong>acuerdos de fondo<\/strong> en esta ronda para que las revisiones anuales que vienen (obligatorias hasta 2036, tras la negativa de Washington a renovar el tratado autom\u00e1ticamente) funcionen como una simple lista de verificaci\u00f3n de cumplimiento, y no como una negociaci\u00f3n completa cada a\u00f1o. Tambi\u00e9n advirti\u00f3 que Washington busca endurecer las reglas de origen y elevar el contenido estadounidense en los productos regionales, y que M\u00e9xico &#8220;proteger\u00e1 su econom\u00eda&#8221; en ese proceso.<\/p>\n\n\n\n<h2 class=\"wp-block-heading has-black-color has-text-color has-link-color wp-elements-17\" style=\"font-size:clamp(14px, 0.875rem + ((1vw - 3.2px) * 0.313), 18px);\"><strong>La lectura de fondo<\/strong><\/h2>\n\n\n\n<p class=\"has-black-color has-text-color has-link-color wp-elements-18 wp-block-paragraph\" style=\"font-size:clamp(14px, 0.875rem + ((1vw - 3.2px) * 0.156), 16px);\">Aqu\u00ed est\u00e1 el contraste que vale la pena subrayar: M\u00e9xico est\u00e1 exportando m\u00e1s que nunca <em>mientras<\/em> la relaci\u00f3n comercial con su principal socio sigue sin resolverse del todo. El m\u00fasculo industrial est\u00e1 respondiendo \u2014sobre todo en manufactura no automotriz, empujado por la demanda de IA en Estados Unidos\u2014 pero la certidumbre de largo plazo sigue pendiente de lo que se defina ronda tras ronda.<\/p>\n\n\n\n<p class=\"has-black-color has-text-color has-link-color wp-elements-19 wp-block-paragraph\" style=\"font-size:clamp(14px, 0.875rem + ((1vw - 3.2px) * 0.156), 16px);\">Y no es casualidad que el sector automotriz sea, a la vez, el rezagado del r\u00e9cord exportador (creci\u00f3 apenas 1% en el semestre) y el reclamo n\u00famero uno de M\u00e9xico en la mesa de negociaci\u00f3n. Es la prueba m\u00e1s clara de la interdependencia de la que hablaba Moctezuma: mientras el arancel del 25% siga vigente, ese sector seguir\u00e1 sin poder capitalizar la ventaja preferencial que s\u00ed est\u00e1 impulsando al resto de la manufactura mexicana.<\/p>\n\n\n\n<p class=\"has-black-color has-text-color has-link-color wp-elements-20 wp-block-paragraph\" style=\"font-size:clamp(14px, 0.875rem + ((1vw - 3.2px) * 0.156), 16px);\">Septiembre, con la cuarta ronda en Washington, ser\u00e1 la siguiente prueba real. Lo que M\u00e9xico puso hoy en la mesa \u2014del arancel automotriz a la Secci\u00f3n 232, pasando por el Mecanismo Laboral y el impuesto a las remesas\u2014 definir\u00e1 si el &#8220;boom exportador&#8221; de este semestre fue el inicio de una nueva etapa o solo una ventana antes de que las reglas del juego se endurezcan.<\/p>\n\n\n\n<p class=\"wp-block-paragraph\"><\/p>\n","protected":false},"excerpt":{"rendered":"<p>M\u00e9xico acaba de vivir su mejor semestre exportador de la historia: 389 mil 723 millones de d\u00f3lares, un salto de 24.6% que ni los aranceles lograron frenar. Esto lleva a recordar lo que el hoy embajador de M\u00e9xico ante la Uni\u00f3n Europea, Esteban Moctezuma, sosten\u00eda cuando estuvo al frente de la embajada en Washington: que [&hellip;]<\/p>\n","protected":false},"author":1,"featured_media":946,"comment_status":"open","ping_status":"open","sticky":false,"template":"","format":"standard","meta":{"footnotes":""},"categories":[54],"tags":[],"class_list":["post-942","post","type-post","status-publish","format-standard","has-post-thumbnail","hentry","category-economia"],"blocksy_meta":[],"_links":{"self":[{"href":"https:\/\/mex-us.mx\/index.php?rest_route=\/wp\/v2\/posts\/942","targetHints":{"allow":["GET"]}}],"collection":[{"href":"https:\/\/mex-us.mx\/index.php?rest_route=\/wp\/v2\/posts"}],"about":[{"href":"https:\/\/mex-us.mx\/index.php?rest_route=\/wp\/v2\/types\/post"}],"author":[{"embeddable":true,"href":"https:\/\/mex-us.mx\/index.php?rest_route=\/wp\/v2\/users\/1"}],"replies":[{"embeddable":true,"href":"https:\/\/mex-us.mx\/index.php?rest_route=%2Fwp%2Fv2%2Fcomments&post=942"}],"version-history":[{"count":1,"href":"https:\/\/mex-us.mx\/index.php?rest_route=\/wp\/v2\/posts\/942\/revisions"}],"predecessor-version":[{"id":947,"href":"https:\/\/mex-us.mx\/index.php?rest_route=\/wp\/v2\/posts\/942\/revisions\/947"}],"wp:featuredmedia":[{"embeddable":true,"href":"https:\/\/mex-us.mx\/index.php?rest_route=\/wp\/v2\/media\/946"}],"wp:attachment":[{"href":"https:\/\/mex-us.mx\/index.php?rest_route=%2Fwp%2Fv2%2Fmedia&parent=942"}],"wp:term":[{"taxonomy":"category","embeddable":true,"href":"https:\/\/mex-us.mx\/index.php?rest_route=%2Fwp%2Fv2%2Fcategories&post=942"},{"taxonomy":"post_tag","embeddable":true,"href":"https:\/\/mex-us.mx\/index.php?rest_route=%2Fwp%2Fv2%2Ftags&post=942"}],"curies":[{"name":"wp","href":"https:\/\/api.w.org\/{rel}","templated":true}]}}